{"id":139,"date":"2018-10-06T09:55:47","date_gmt":"2018-10-06T05:55:47","guid":{"rendered":"https:\/\/uniprice.az\/?p=139"},"modified":"2018-10-06T09:55:47","modified_gmt":"2018-10-06T05:55:47","slug":"az%c9%99rbaycan-qiym%c9%99tl%c9%99ndiricil%c9%99r-c%c9%99miyy%c9%99tinin-uzvl%c9%99ri-tbilisid%c9%99-keciril%c9%99n-beyn%c9%99lxalq-seminarda-istirak-edibl%c9%99r","status":"publish","type":"post","link":"https:\/\/uniprice.az\/en\/az%c9%99rbaycan-qiym%c9%99tl%c9%99ndiricil%c9%99r-c%c9%99miyy%c9%99tinin-uzvl%c9%99ri-tbilisid%c9%99-keciril%c9%99n-beyn%c9%99lxalq-seminarda-istirak-edibl%c9%99r\/","title":{"rendered":"Az\u0259rbaycan Qiym\u0259tl\u0259ndiricil\u0259r C\u0259miyy\u0259tinin \u00fczvl\u0259ri Tbilisid\u0259 ke\u00e7iril\u0259n beyn\u0259lxalq seminarda i\u015ftirak edibl\u0259r"},"content":{"rendered":"<p>Oktyabr\u0131n 5-d\u0259 Tbilisid\u0259 \u201cBiznesin v\u0259 qeyri-maddi aktivl\u0259rin qiym\u0259tl\u0259ndirilm\u0259si\u201d m\u00f6vzusunda beyn\u0259lxalq seminar ke\u00e7irilib.<\/p>\n<p><a class=\"azertac-link\" href=\"https:\/\/azertag.az\/\" target=\"_blank\" rel=\"noopener\">AZ\u018fRTAC<\/a>\u00a0x\u0259b\u0259r verir ki, Az\u0259rbaycan Qiym\u0259tl\u0259ndiricil\u0259r C\u0259miyy\u0259tinin \u00fczvl\u0259rinin d\u0259 i\u015ftirak etdikl\u0259ri seminarda biznesin, maddi v\u0259 qeyri-maddi aktivl\u0259rin, birg\u0259 m\u00fc\u0259ssis\u0259 v\u0259 birlikl\u0259rin \u0259sas v\u0259saitl\u0259rinin hesablanmas\u0131 qaydalar\u0131, bu sah\u0259d\u0259 beyn\u0259lxalq standartlar v\u0259 dig\u0259r m\u0259s\u0259l\u0259l\u0259r m\u00fczakir\u0259 olunub.<\/p>\n<p>T\u0259dbird\u0259 Az\u0259rbaycan, Ukrayna v\u0259 G\u00fcrc\u00fcstan\u0131n qiym\u0259tl\u0259ndiricil\u0259ri \u00f6z t\u0259cr\u00fcb\u0259l\u0259rini b\u00f6l\u00fc\u015f\u00fcb, biznesin, maddi v\u0259 qeyri-maddi aktivl\u0259rin qiym\u0259tl\u0259ndirilm\u0259si sah\u0259sind\u0259 \u0259m\u0259kda\u015fl\u0131\u011f\u0131n vacibliyini vur\u011fulay\u0131blar. Bildirilib ki, bu sah\u0259d\u0259 \u0259m\u0259kda\u015fl\u0131q v\u0259 t\u0259cr\u00fcb\u0259 m\u00fcbadil\u0259si, Avropa standartlar\u0131na cavab ver\u0259n qiym\u0259tl\u0259ndirm\u0259 qaydalar\u0131n\u0131n, norma v\u0259 prinsipl\u0259rinin m\u00fc\u0259yy\u0259nl\u0259\u015fdirilm\u0259si \u00f6lk\u0259l\u0259r aras\u0131nda iqtisadi \u0259laq\u0259l\u0259rin inki\u015faf\u0131na t\u0259kan ver\u0259c\u0259k.<\/p>\n<p>Az\u0259rbaycan Qiym\u0259tl\u0259ndiricil\u0259r C\u0259miyy\u0259tinin \u00fczv\u00fc Ramil Qas\u0131mzad\u0259\u00a0<a class=\"azertac-link\" href=\"https:\/\/azertag.az\/\" target=\"_blank\" rel=\"noopener\">AZ\u018fRTAC<\/a>-a m\u00fcsahib\u0259sind\u0259 deyib ki, seminarda, el\u0259c\u0259 d\u0259 t\u0259dbir \u00e7\u0259r\u00e7iv\u0259sind\u0259 ke\u00e7iril\u0259n g\u00f6r\u00fc\u015fl\u0259rd\u0259 Az\u0259rbaycan, Ukrayna v\u0259 G\u00fcrc\u00fcstan\u0131n qiym\u0259tl\u0259ndiricil\u0259ri aras\u0131nda \u0259m\u0259kda\u015fl\u0131\u011f\u0131n inki\u015faf\u0131, t\u0259cr\u00fcb\u0259 m\u00fcbadil\u0259si bar\u0259d\u0259 raz\u0131l\u0131q \u0259ld\u0259 olunub. M\u00fcxt\u0259lif m\u0259s\u0259l\u0259l\u0259rd\u0259 ortaq m\u0259xr\u0259c tapmaq, qiym\u0259tl\u0259ndirm\u0259 zaman\u0131 eyni prinsip v\u0259 meyarlar\u0131 m\u00fc\u0259yy\u0259nl\u0259\u015fdirm\u0259k \u00fc\u00e7\u00fcn yollar axtar\u0131l\u0131b. Bildirib ki, h\u0259r \u00fc\u00e7 \u00f6lk\u0259nin qiym\u0259tl\u0259ndiricil\u0259ri aras\u0131nda \u0259laq\u0259l\u0259rin geni\u015fl\u0259nm\u0259si, b\u0259zi m\u0259s\u0259l\u0259l\u0259r \u00fczr\u0259 vahid prinsipl\u0259rin m\u00fc\u0259yy\u0259n edilm\u0259si \u00f6lk\u0259l\u0259rimiz aras\u0131nda iqtisadi \u0259laq\u0259l\u0259rin d\u0259 inki\u015faf\u0131na t\u0259kan ver\u0259c\u0259k.<\/p>\n<p>\u201cAz\u0259rbaycan\u0131n v\u0259 G\u00fcrc\u00fcstan\u0131n i\u015f adamlar\u0131 birg\u0259 m\u00fc\u0259ssis\u0259l\u0259r yarad\u0131rlar. Bu da iqtisadi, ticari \u0259laq\u0259l\u0259rin inki\u015faf\u0131nda m\u00fch\u00fcm rol oynay\u0131r. Birg\u0259 \u0259m\u0259kda\u015fl\u0131\u011f\u0131m\u0131z h\u0259min m\u00fc\u0259ssis\u0259l\u0259rin \u0259sas v\u0259saitl\u0259rinin qiym\u0259tl\u0259ndirilm\u0259si zaman\u0131 vahid m\u00f6vqed\u0259n \u00e7\u0131x\u0131\u015f etm\u0259y\u0259 imkan yaradacaq. Bu da m\u00fc\u0259yy\u0259n riskl\u0259rin, g\u0259l\u0259c\u0259kd\u0259 ba\u015f ver\u0259 bil\u0259c\u0259k xo\u015fag\u0259lm\u0259z hadis\u0259l\u0259rin qar\u015f\u0131s\u0131n\u0131n al\u0131nmas\u0131nda m\u00fch\u00fcm rol oynayacaq\u201d, &#8211; dey\u0259 R.Qas\u0131mzad\u0259 \u0259lav\u0259 edib.<\/p>\n<p>G\u00fcrc\u00fcstan M\u00fcst\u0259qil Qiym\u0259tl\u0259ndiricil\u0259r Assosiasiyas\u0131n\u0131n prezidenti Besik Diakonidze is\u0259\u00a0<a class=\"azertac-link\" href=\"https:\/\/azertag.az\/\" target=\"_blank\" rel=\"noopener\">AZ\u018fRTAC<\/a>-a m\u00fcsahib\u0259sind\u0259 deyib ki, bundan \u0259vv\u0259l Batumid\u0259 v\u0259 Tbilisid\u0259 bel\u0259 t\u0259dbirl\u0259r ke\u00e7irilib. Da\u015f\u0131nan v\u0259 da\u015f\u0131nmaz \u0259mlak sah\u0259sind\u0259 qiym\u0259tl\u0259ndirm\u0259 sah\u0259sind\u0259 \u00e7ox m\u00fch\u00fcm m\u0259s\u0259l\u0259l\u0259r m\u00fczakir\u0259 olunub: \u201cTbilisid\u0259 ke\u00e7iril\u0259n bu t\u0259dbird\u0259 Az\u0259rbaycandan g\u0259lmi\u015f m\u00fct\u0259x\u0259ssisl\u0259rin i\u015ftirak\u0131 bizim \u00fc\u00e7\u00fcn \u00e7ox vacibdir. Bizim bir \u00e7ox sah\u0259l\u0259rd\u0259 s\u0131x \u0259m\u0259kda\u015fl\u0131\u011f\u0131m\u0131z var. Qiym\u0259tl\u0259ndirm\u0259 sah\u0259sind\u0259 \u0259m\u0259kda\u015fl\u0131q iqtisadi \u0259laq\u0259l\u0259rimizin inki\u015faf\u0131 il\u0259 yana\u015f\u0131, biz\u0259 beyn\u0259lxalq t\u0259cr\u00fcb\u0259d\u0259n faydalanmaq imkan\u0131 yarad\u0131r. Biz az\u0259rbaycanl\u0131 h\u0259mkarlar\u0131m\u0131zla bu \u0259m\u0259kda\u015fl\u0131\u011f\u0131 daha da geni\u015fl\u0259ndirm\u0259kd\u0259 maraql\u0131y\u0131q\u201d.<\/p>\n<p>Qeyd ed\u0259k ki, t\u0259dbirin sonunda qiym\u0259tl\u0259ndirm\u0259 sah\u0259sind\u0259 m\u00fct\u0259x\u0259ssisl\u0259r\u0259 sertifikatlar t\u0259qdim olunub. Az\u0259rbaycandan g\u0259lmi\u015f h\u0259r iki m\u00fct\u0259x\u0259ssis sertifikata layiq g\u00f6r\u00fcl\u00fcb.<\/p>\n<p><em><strong>X\u0259tayi \u018fzizov<\/strong><\/em><\/p>\n<p><em><strong><a class=\"azertac-link\" href=\"https:\/\/azertag.az\/\" target=\"_blank\" rel=\"noopener\">AZ\u018fRTAC<\/a>-\u0131n x\u00fcsusi m\u00fcxbiri<\/strong><\/em><\/p>\n<p><em><strong>Tbilisi<\/strong><\/em><\/p>\n","protected":false},"excerpt":{"rendered":"<p>Oktyabr\u0131n 5-d\u0259 Tbilisid\u0259 \u201cBiznesin v\u0259 qeyri-maddi aktivl\u0259rin qiym\u0259tl\u0259ndirilm\u0259si\u201d m\u00f6vzusunda beyn\u0259lxalq [&hellip;]<\/p>\n","protected":false},"author":1,"featured_media":143,"comment_status":"open","ping_status":"open","sticky":false,"template":"","format":"standard","meta":[],"categories":[1],"tags":[],"_links":{"self":[{"href":"https:\/\/uniprice.az\/en\/wp-json\/wp\/v2\/posts\/139"}],"collection":[{"href":"https:\/\/uniprice.az\/en\/wp-json\/wp\/v2\/posts"}],"about":[{"href":"https:\/\/uniprice.az\/en\/wp-json\/wp\/v2\/types\/post"}],"author":[{"embeddable":true,"href":"https:\/\/uniprice.az\/en\/wp-json\/wp\/v2\/users\/1"}],"replies":[{"embeddable":true,"href":"https:\/\/uniprice.az\/en\/wp-json\/wp\/v2\/comments?post=139"}],"version-history":[{"count":1,"href":"https:\/\/uniprice.az\/en\/wp-json\/wp\/v2\/posts\/139\/revisions"}],"predecessor-version":[{"id":144,"href":"https:\/\/uniprice.az\/en\/wp-json\/wp\/v2\/posts\/139\/revisions\/144"}],"wp:featuredmedia":[{"embeddable":true,"href":"https:\/\/uniprice.az\/en\/wp-json\/wp\/v2\/media\/143"}],"wp:attachment":[{"href":"https:\/\/uniprice.az\/en\/wp-json\/wp\/v2\/media?parent=139"}],"wp:term":[{"taxonomy":"category","embeddable":true,"href":"https:\/\/uniprice.az\/en\/wp-json\/wp\/v2\/categories?post=139"},{"taxonomy":"post_tag","embeddable":true,"href":"https:\/\/uniprice.az\/en\/wp-json\/wp\/v2\/tags?post=139"}],"curies":[{"name":"wp","href":"https:\/\/api.w.org\/{rel}","templated":true}]}}